[{"@context":"https:\/\/schema.org\/","@type":"Article","@id":"https:\/\/www.solarica.sk\/niekomu-staci-zostat-doma\/#Article","mainEntityOfPage":"https:\/\/www.solarica.sk\/niekomu-staci-zostat-doma\/","headline":"Niekomu sta\u010d\u00ed zosta\u0165 doma","name":"Niekomu sta\u010d\u00ed zosta\u0165 doma","description":"Ke\u010f sa kedysi po revol\u00facii otvorili hranice, nebol h\u00e1dam nikto, kto by nezat\u00fa\u017eil pozrie\u0165 sa za ne. Nie je sa \u010domu \u010dudova\u0165. Ka\u017ed\u00fd mal pln\u00e9","datePublished":"2017-03-11","dateModified":"2023-04-27","author":{"@type":"Person","@id":"https:\/\/www.solarica.sk\/author\/#Person","name":"","url":"https:\/\/www.solarica.sk\/author\/","identifier":1,"image":{"@type":"ImageObject","@id":"https:\/\/secure.gravatar.com\/avatar\/1e120f96477763896a9e7ab3663c076bf8b67ca32fa1a5943b70761da502a7a7?s=96&d=mm&r=g","url":"https:\/\/secure.gravatar.com\/avatar\/1e120f96477763896a9e7ab3663c076bf8b67ca32fa1a5943b70761da502a7a7?s=96&d=mm&r=g","height":96,"width":96}},"publisher":{"@type":"Organization","name":"solarica.sk","logo":{"@type":"ImageObject","@id":"\/logo.png","url":"\/logo.png","width":600,"height":60}},"image":{"@type":"ImageObject","@id":"https:\/\/www.solarica.sk\/wp-content\/uploads\/img_a280538_w16474_t1494491404.jpg","url":"https:\/\/www.solarica.sk\/wp-content\/uploads\/img_a280538_w16474_t1494491404.jpg","height":0,"width":0},"url":"https:\/\/www.solarica.sk\/niekomu-staci-zostat-doma\/","about":["Tovar"],"wordCount":364,"articleBody":" Ke\u010f sa kedysi po revol\u00facii otvorili hranice, nebol h\u00e1dam nikto, kto by nezat\u00fa\u017eil pozrie\u0165 sa za ne. Nie je sa \u010domu \u010dudova\u0165. Ka\u017ed\u00fd mal pln\u00e9 zuby tej \u0161ede, ktor\u00e1 panovala v na\u0161ich krajin\u00e1ch a farebnos\u0165 zahrani\u010dia bola nie\u010d\u00edm ako nad\u00fdchnu\u0165 sa \u010derstv\u00e9ho vzduchu. Prevl\u00e1dala vtedy preprava osob autobusmi, bez oh\u013eadu na to, ako \u010faleko sa i\u0161lo. K najbli\u017e\u0161\u00edm susedom? Pre\u010do nie. K moru? Samozrejme. Dnes u\u017e dos\u0165 nemyslite\u013en\u00e9, vtedy realita. Ale ka\u017ed\u00fd sme in\u00ed, na tom je postaven\u00fd svet a t\u00fdm je aj kraj\u0161\u00ed. Pozn\u00e1te aj vy \u013eud\u00ed, ktor\u00ed sa na jednom mieste narodili, vyr\u00e1stli, o\u017eenili alebo vydali sa a nakoniec tam aj zomreli? Nemysl\u00edm si, \u017ee neboli nikdy zvedav\u00ed, \u010do je za hranicami. Sk\u00f4r sa mi zd\u00e1, \u017ee im t\u00e1 cesta obvykle nest\u00e1la za to. Doma mali v\u0161etko, \u010do potrebovali a preto nepoci\u0165ovali potrebu nie\u010do na tom meni\u0165. Na svete je mnoho dvoj\u00edc, ktor\u00e9 vyr\u00e1stli na tom istom mieste alebo dokonca v tom istom panel\u00e1kovom dome. To\u013eko sa m\u00ed\u0148ali, a\u017e sa nakoniec na\u0161li a u\u017e im ni\u010d nech\u00fdba. Niektor\u00ed dokonca za\u010dali na tom mieste aj podnika\u0165, tak\u017ee m\u00f4\u017eu do pr\u00e1ce doslova v papu\u010diach a pracuj\u00fa tak dlho, ako im to vyhovuje. Ve\u010f sa nemaj\u00fa kam pon\u00e1h\u013ea\u0165, maj\u00fa v\u0161etko na dosah. \u010clovek by sa skoro aj b\u00e1l op\u00fdta\u0165, kde tr\u00e1via dovolenky, v\u0161ak? Samozrejme, \u017ee nie pr\u00edli\u0161 \u010faleko. Mysl\u00edte si, \u017ee to mus\u00ed by\u0165 pekn\u00e1 nuda? \u017de nemaj\u00fa pr\u00edli\u0161 \u0161irok\u00e9 obzory? Nemus\u00ed to tak nutne by\u0165. Vn\u00fatorn\u00fd \u017eivot toti\u017e nepozn\u00e1 hranice a ke\u010f m\u00e1 \u010dlovek skuto\u010dn\u00fd zmysel \u017eivota a je ukotven\u00fd na jednom mieste, nemus\u00ed mu to ani trochu vadi\u0165. \u017de v\u00e1m by to vadilo? To je v poriadku, preto zrejme \u017eijete inak. Na druhej strane netreba tak\u00fdmi \u013eu\u010fmi poh\u0155da\u0165, preto\u017ee ve\u013emi \u013eahko m\u00f4\u017eu ma\u0165 ove\u013ea \u0161ir\u0161\u00ed rozh\u013ead a zauj\u00edmavej\u0161ie n\u00e1zory ako ten, ktor\u00fd nav\u0161t\u00edvil v\u00e4\u010d\u0161inu kraj\u00edn sveta.                                                                                                                                                                                                                                                                                                                                                                                                "},{"@context":"https:\/\/schema.org\/","@type":"BreadcrumbList","itemListElement":[{"@type":"ListItem","position":1,"name":"Niekomu sta\u010d\u00ed zosta\u0165 doma","item":"https:\/\/www.solarica.sk\/niekomu-staci-zostat-doma\/#breadcrumbitem"}]}]