[{"@context":"https:\/\/schema.org\/","@type":"Article","@id":"https:\/\/www.solarica.sk\/kulturne-vyzitie-pre-tych-najmensich\/#Article","mainEntityOfPage":"https:\/\/www.solarica.sk\/kulturne-vyzitie-pre-tych-najmensich\/","headline":"Kult\u00farne vy\u017eitie pre t\u00fdch najmen\u0161\u00edch","name":"Kult\u00farne vy\u017eitie pre t\u00fdch najmen\u0161\u00edch","description":"\u010c\u00edm viac sa budete svojim de\u0165om venova\u0165, t\u00fdm viac sa v\u00e1m to vr\u00e1ti v\u00a0bud\u00facnosti. Deti, ktor\u00e9 maj\u00fa u\u017e od \u00fatleho veku dostatok podnetov, to maj\u00fa","datePublished":"2018-11-10","dateModified":"2023-04-27","author":{"@type":"Person","@id":"https:\/\/www.solarica.sk\/author\/#Person","name":"","url":"https:\/\/www.solarica.sk\/author\/","identifier":1,"image":{"@type":"ImageObject","@id":"https:\/\/secure.gravatar.com\/avatar\/1e120f96477763896a9e7ab3663c076bf8b67ca32fa1a5943b70761da502a7a7?s=96&d=mm&r=g","url":"https:\/\/secure.gravatar.com\/avatar\/1e120f96477763896a9e7ab3663c076bf8b67ca32fa1a5943b70761da502a7a7?s=96&d=mm&r=g","height":96,"width":96}},"publisher":{"@type":"Organization","name":"solarica.sk","logo":{"@type":"ImageObject","@id":"\/logo.png","url":"\/logo.png","width":600,"height":60}},"image":{"@type":"ImageObject","@id":"https:\/\/www.solarica.sk\/wp-content\/uploads\/img_a295524_w16657_t1547140826.jpg","url":"https:\/\/www.solarica.sk\/wp-content\/uploads\/img_a295524_w16657_t1547140826.jpg","height":0,"width":0},"url":"https:\/\/www.solarica.sk\/kulturne-vyzitie-pre-tych-najmensich\/","wordCount":446,"articleBody":"\u010c\u00edm viac sa budete svojim de\u0165om venova\u0165, t\u00fdm viac sa v\u00e1m to vr\u00e1ti v\u00a0bud\u00facnosti. Deti, ktor\u00e9 maj\u00fa u\u017e od \u00fatleho veku dostatok podnetov, to maj\u00fa \u013eah\u0161ie v\u00a0\u0161kole, ale i\u00a0zamestnan\u00ed a\u00a0celkovo v\u00a0\u017eivote. Nenech\u00e1vajte ich len tak \u201epohoden\u00e9\u201c na s\u00eddlisku, alebo za po\u010d\u00edta\u010dom. Okrem mno\u017estva aktiv\u00edt, ktor\u00e9 m\u00f4\u017eete so svojimi ratoles\u0165ami vykon\u00e1va\u0165, je tu i\u00a0oblas\u0165 kult\u00fary. Divadl\u00e1, gal\u00e9rie, alebo m\u00faze\u00e1 pon\u00fakaj\u00fa mno\u017estvo mo\u017enost\u00ed, na kult\u00farne vy\u017eitie pre t\u00fdch najmen\u0161\u00edch.\u00a0Divadlo \u00a0Ke\u010f sa povie kult\u00fara a\u00a0deti, v\u00e4\u010d\u0161ine z\u00a0n\u00e1s sa pravdepodobne vybav\u00ed detsk\u00e9 b\u00e1bkov\u00e9 divadlo. \u00c1no aj to je mo\u017enos\u0165, ako s\u00a0de\u0165mi str\u00e1vi\u0165 pekn\u00e9 a\u00a0hlavne plnohodnotn\u00e9 chv\u00edle. Pred t\u00fdm, ako k\u00fapite l\u00edstky, si v\u0161ak pozrite i\u00a0ohlasy in\u00fdch rodi\u010dov. Niektor\u00e9 predstavenia s\u00fa toti\u017e pre deti viac ne\u017e nevhodn\u00e9. Bohu\u017eia\u013e mnoho re\u017eis\u00e9rov, netu\u0161\u00ed ni\u010d o\u00a0tom, \u010do znamen\u00e1 vekov\u00e1 kateg\u00f3ria. Tak sa v\u00e1m m\u00f4\u017ee ve\u013emi \u013eahko sta\u0165, \u017ee predstavenie ur\u010den\u00e9 pre trojro\u010dn\u00e9 deti, nepochop\u00edte poriadne ani vy.\u00a0Pri divadle e\u0161te chv\u00ed\u013eku ostaneme. Deti sa na predstavenie nemusia iba pozera\u0165, ale by\u0165 i\u00a0jeho s\u00fa\u010das\u0165ou. V\u00e4\u010d\u0161ina z\u00e1kladn\u00fdch umeleck\u00fdch \u0161k\u00f4l, otv\u00e1ra triedy aj pre tie najmen\u0161ie deti. Dramatick\u00e1 v\u00fdchova ma na detsk\u00fa psychiku ve\u013emi pozit\u00edvny vplyv. Va\u0161e ratolesti sa minim\u00e1lne zbavia hanblivosti a\u00a0mo\u017eno v\u00a0tomto smere, n\u00e1jdu \u010dasom i\u00a0svoju z\u00e1\u013eubu.\u00a0V\u00fdtvarn\u00e9 umenie\u00a0Menej zn\u00e1mou mo\u017enos\u0165ou s\u00fa r\u00f4zne workshopy, ktor\u00e9 organizuj\u00fa gal\u00e9rie. Niektor\u00e9 s\u00fa zameran\u00e9 na deti u\u017e od dvoch rokov. In\u00e9 zas pon\u00fakaj\u00fa ak\u00fdsi n\u00e1vod pre bud\u00face mami\u010dky, aby vedeli so svojim b\u00e1b\u00e4tkom spr\u00e1vne pracova\u0165 v\u00a0oblasti v\u00fdtvarn\u00e9ho umenia. Terapia prostredn\u00edctvom farieb, kreslenia, ma\u013eovania, alebo in\u00fdch v\u00fdtvarn\u00fdch \u010dinnost\u00ed, nie je \u017eiadnou novinkou. Preto sa nebojte za\u010da\u0165 u\u017e s\u00a0t\u00fdmi najmen\u0161\u00edmi.\u00a0Hudba \u00a0Nemali by sme zab\u00fada\u0165 ani na hudbu. Nepozerajte na to, \u017ee je va\u0161e die\u0165a e\u0161te mal\u00e9. Ak sa vyberiete na koncert, vezmite ho so sebou. Samozrejme sa nesmie kona\u0165 v\u00a0zafaj\u010denej kr\u010dme a\u00a0jeho d\u013a\u017eka by mala zodpoveda\u0165 veku die\u0165a\u0165a. Mo\u017eno ho v\u0161ak hudba chyt\u00ed nato\u013eko, \u017ee ani po skon\u010den\u00ed nebude chcie\u0165 od\u00eds\u0165 domov. dobrou vo\u013ebou s\u00fa tie\u017e detsk\u00e9 muzik\u00e1ly, ktor\u00fdch v\u0161ak nem\u00e1me na Slovensku a\u017e tak ve\u013ea.                                                                                                                                                                                                                                                                                                                                                                                                "},{"@context":"https:\/\/schema.org\/","@type":"BreadcrumbList","itemListElement":[{"@type":"ListItem","position":1,"name":"Kult\u00farne vy\u017eitie pre t\u00fdch najmen\u0161\u00edch","item":"https:\/\/www.solarica.sk\/kulturne-vyzitie-pre-tych-najmensich\/#breadcrumbitem"}]}]